{"id":8432,"date":"2024-08-12T08:44:11","date_gmt":"2024-08-12T08:44:11","guid":{"rendered":"https:\/\/www.admetec.com\/pl\/?p=8432"},"modified":"2024-08-13T12:32:34","modified_gmt":"2024-08-13T12:32:34","slug":"poznan-lab-instytut-medycyny-praktycznej","status":"publish","type":"post","link":"https:\/\/www.admetec.com\/pl\/poznan-lab-instytut-medycyny-praktycznej\/","title":{"rendered":"POZNA\u0143 LAB &#8211; Instytut Medycyny Praktycznej (25-27.09.2024)"},"content":{"rendered":"<h2><strong>25-27.09.2024 &#8211; POZNA\u0143 LAB &#8211; Instytut Medycyny Praktycznej<\/strong><\/h2>\n<h2><strong>Admetec Polska jako Partner Medyczny szkole\u0144<\/strong><\/h2>\n<p>&nbsp;<\/p>\n<p><strong>Stomatologiczne Szkolenia Kadawerowe:<\/strong><\/p>\n<h3>25.09.2024 &#8211; ATA-kujemy chirurgi\u0119<\/h3>\n<p>Prowadz\u0105cy:<br \/>\nlek. dent. Mariusz Bo\u0142zan<br \/>\nlek. dent. Mateusz Kubo\u0144<\/p>\n<p><strong>W programie kursu<\/strong> m.in.: podstawy chirurgii stomatologicznej, implanty,<br \/>\nkortykotomia, implantacja natychmiastowa i odroczona, ekstrakcje i PET, anatiza<br \/>\ntomografii i planowanie implantacji.<\/p>\n<h3>26.09.2024 &#8211; Chirurgia plastyczna tkanek przyz\u0119bia. Zarz\u0105dzanie tkank\u0105 mi\u0119kk\u0105.<\/h3>\n<p>Prowadz\u0105cy:<br \/>\nlek. dent. Mariusz Bo\u0142zan<br \/>\nlek. dent. Magdalena Brzeska-Bo\u0142zan<\/p>\n<p><strong>W programie kursu<\/strong> m.in.: przeszczepy dzi\u0105s\u0142owe i ich wykorzystanie w codziennej<br \/>\npraktyce, zabiegi chirurgii periodontologicznej i \u015bluz\u00f3wkowo-dzi\u0105s\u0142owej,<br \/>\nprojektowanie p\u0142at\u00f3w, podstawy ci\u0119cia i szycia, pobieranie przeszczep\u00f3w,<br \/>\nimplantacja natychmiastowa z augmentacj\u0105 tkanek mi\u0119kkich poprzez przeszczep<br \/>\ndzi\u0105s\u0142a.<\/p>\n<h3>27.07.2027 &#8211; Augmentacje kostne.<\/h3>\n<p>Prowadz\u0105cy:<br \/>\nlek. dent. Mariusz Bo\u0142zan<br \/>\nlek. dent. Tomasz \u017babski<\/p>\n<p><strong>W programie kursu<\/strong> m.in.: sens wykorzystania tkanek w\u0142asnych pacjenta, technika<br \/>\nautotransplantacji z\u0119b\u00f3w oraz technika socket shield, przeszczepy kostne i ich<br \/>\nwykorzystanie w codziennej praktyce, przeszczepy kostno-dzi\u0105s\u0142owe, splity i spready<br \/>\nwyrostka.<\/p>\n<p>&nbsp;<\/p>\n<p>Wi\u0119cej informacji pod adresem \/ Rejestracja: <a href=\"https:\/\/poznanlab.pl\/event\/chirurgia-reki-od-dostepow-do-rekonstrukcji\/\">https:\/\/poznanlab.pl\/event\/chirurgia-reki-od-dostepow-do-rekonstrukcji\/<\/a><\/p>\n<p>&nbsp;<\/p>\n<p>&nbsp;<\/p>\n","protected":false},"excerpt":{"rendered":"<p>25-27.09.2024 &#8211; POZNA\u0143 LAB &#8211; Instytut Medycyny Praktycznej Admetec Polska jako Partner Medyczny szkole\u0144 &nbsp; Stomatologiczne Szkolenia Kadawerowe: 25.09.2024 &#8211; ATA-kujemy chirurgi\u0119 Prowadz\u0105cy: lek. dent. Mariusz Bo\u0142zan lek. dent. Mateusz Kubo\u0144 W programie kursu m.in.: podstawy chirurgii stomatologicznej, implanty, kortykotomia, implantacja natychmiastowa i odroczona, ekstrakcje i PET, anatiza tomografii i planowanie implantacji. 26.09.2024 &#8211; Chirurgia [&hellip;]<\/p>\n","protected":false},"author":8,"featured_media":8433,"comment_status":"open","ping_status":"open","sticky":false,"template":"","format":"standard","meta":{"_acf_changed":false,"content-type":"","footnotes":""},"categories":[29],"tags":[59],"class_list":["post-8432","post","type-post","status-publish","format-standard","has-post-thumbnail","hentry","category-upcoming-events","tag-poznan-lab"],"acf":[],"yoast_head":"<!-- This site is optimized with the Yoast SEO plugin v27.5 - https:\/\/yoast.com\/product\/yoast-seo-wordpress\/ -->\n<title>POZNA\u0143 LAB - Instytut Medycyny Praktycznej (25-27.09.2024) - ADMETEC<\/title>\n<meta name=\"robots\" content=\"index, follow, max-snippet:-1, max-image-preview:large, max-video-preview:-1\" \/>\n<link rel=\"canonical\" href=\"https:\/\/www.admetec.com\/pl\/poznan-lab-instytut-medycyny-praktycznej\/\" \/>\n<meta property=\"og:locale\" content=\"pl_PL\" \/>\n<meta property=\"og:type\" content=\"article\" \/>\n<meta property=\"og:title\" content=\"POZNA\u0143 LAB - Instytut Medycyny Praktycznej (25-27.09.2024) - ADMETEC\" \/>\n<meta property=\"og:description\" content=\"25-27.09.2024 &#8211; POZNA\u0143 LAB &#8211; Instytut Medycyny Praktycznej Admetec Polska jako Partner Medyczny szkole\u0144 &nbsp; Stomatologiczne Szkolenia Kadawerowe: 25.09.2024 &#8211; ATA-kujemy chirurgi\u0119 Prowadz\u0105cy: lek. dent. Mariusz Bo\u0142zan lek. dent. Mateusz Kubo\u0144 W programie kursu m.in.: podstawy chirurgii stomatologicznej, implanty, kortykotomia, implantacja natychmiastowa i odroczona, ekstrakcje i PET, anatiza tomografii i planowanie implantacji. 26.09.2024 &#8211; Chirurgia [&hellip;]\" \/>\n<meta property=\"og:url\" content=\"https:\/\/www.admetec.com\/pl\/poznan-lab-instytut-medycyny-praktycznej\/\" \/>\n<meta property=\"og:site_name\" content=\"ADMETEC\" \/>\n<meta property=\"article:publisher\" content=\"https:\/\/www.facebook.com\/admetec\" \/>\n<meta property=\"article:published_time\" content=\"2024-08-12T08:44:11+00:00\" \/>\n<meta property=\"article:modified_time\" content=\"2024-08-13T12:32:34+00:00\" \/>\n<meta property=\"og:image\" content=\"https:\/\/www.admetec.com\/pl\/wp-content\/uploads\/2024\/08\/pozan-lab-pl-1.jpg\" \/>\n\t<meta property=\"og:image:width\" content=\"774\" \/>\n\t<meta property=\"og:image:height\" content=\"1000\" \/>\n\t<meta property=\"og:image:type\" content=\"image\/jpeg\" \/>\n<meta name=\"author\" content=\"O O\" \/>\n<meta name=\"twitter:card\" content=\"summary_large_image\" \/>\n<meta name=\"twitter:creator\" content=\"@admetec\" \/>\n<meta name=\"twitter:site\" content=\"@admetec\" \/>\n<meta name=\"twitter:label1\" content=\"Napisane przez\" \/>\n\t<meta name=\"twitter:data1\" content=\"O O\" \/>\n\t<meta name=\"twitter:label2\" content=\"Szacowany czas czytania\" \/>\n\t<meta name=\"twitter:data2\" content=\"2 minuty\" \/>\n<script type=\"application\/ld+json\" class=\"yoast-schema-graph\">{\"@context\":\"https:\\\/\\\/schema.org\",\"@graph\":[{\"@type\":\"Article\",\"@id\":\"https:\\\/\\\/www.admetec.com\\\/pl\\\/poznan-lab-instytut-medycyny-praktycznej\\\/#article\",\"isPartOf\":{\"@id\":\"https:\\\/\\\/www.admetec.com\\\/pl\\\/poznan-lab-instytut-medycyny-praktycznej\\\/\"},\"author\":{\"name\":\"O O\",\"@id\":\"https:\\\/\\\/www.admetec.com\\\/pl\\\/#\\\/schema\\\/person\\\/28390d3c4afb2b81fdf6074f56743532\"},\"headline\":\"POZNA\u0143 LAB &#8211; Instytut Medycyny Praktycznej (25-27.09.2024)\",\"datePublished\":\"2024-08-12T08:44:11+00:00\",\"dateModified\":\"2024-08-13T12:32:34+00:00\",\"mainEntityOfPage\":{\"@id\":\"https:\\\/\\\/www.admetec.com\\\/pl\\\/poznan-lab-instytut-medycyny-praktycznej\\\/\"},\"wordCount\":195,\"commentCount\":0,\"publisher\":{\"@id\":\"https:\\\/\\\/www.admetec.com\\\/pl\\\/#organization\"},\"image\":{\"@id\":\"https:\\\/\\\/www.admetec.com\\\/pl\\\/poznan-lab-instytut-medycyny-praktycznej\\\/#primaryimage\"},\"thumbnailUrl\":\"https:\\\/\\\/www.admetec.com\\\/pl\\\/wp-content\\\/uploads\\\/2024\\\/08\\\/pozan-lab-pl-1.jpg\",\"keywords\":[\"POZNA\u0143 LAB\"],\"articleSection\":[\"Upcoming Events\"],\"inLanguage\":\"pl-PL\",\"potentialAction\":[{\"@type\":\"CommentAction\",\"name\":\"Comment\",\"target\":[\"https:\\\/\\\/www.admetec.com\\\/pl\\\/poznan-lab-instytut-medycyny-praktycznej\\\/#respond\"]}]},{\"@type\":\"WebPage\",\"@id\":\"https:\\\/\\\/www.admetec.com\\\/pl\\\/poznan-lab-instytut-medycyny-praktycznej\\\/\",\"url\":\"https:\\\/\\\/www.admetec.com\\\/pl\\\/poznan-lab-instytut-medycyny-praktycznej\\\/\",\"name\":\"POZNA\u0143 LAB - Instytut Medycyny Praktycznej (25-27.09.2024) - ADMETEC\",\"isPartOf\":{\"@id\":\"https:\\\/\\\/www.admetec.com\\\/pl\\\/#website\"},\"primaryImageOfPage\":{\"@id\":\"https:\\\/\\\/www.admetec.com\\\/pl\\\/poznan-lab-instytut-medycyny-praktycznej\\\/#primaryimage\"},\"image\":{\"@id\":\"https:\\\/\\\/www.admetec.com\\\/pl\\\/poznan-lab-instytut-medycyny-praktycznej\\\/#primaryimage\"},\"thumbnailUrl\":\"https:\\\/\\\/www.admetec.com\\\/pl\\\/wp-content\\\/uploads\\\/2024\\\/08\\\/pozan-lab-pl-1.jpg\",\"datePublished\":\"2024-08-12T08:44:11+00:00\",\"dateModified\":\"2024-08-13T12:32:34+00:00\",\"breadcrumb\":{\"@id\":\"https:\\\/\\\/www.admetec.com\\\/pl\\\/poznan-lab-instytut-medycyny-praktycznej\\\/#breadcrumb\"},\"inLanguage\":\"pl-PL\",\"potentialAction\":[{\"@type\":\"ReadAction\",\"target\":[\"https:\\\/\\\/www.admetec.com\\\/pl\\\/poznan-lab-instytut-medycyny-praktycznej\\\/\"]}]},{\"@type\":\"ImageObject\",\"inLanguage\":\"pl-PL\",\"@id\":\"https:\\\/\\\/www.admetec.com\\\/pl\\\/poznan-lab-instytut-medycyny-praktycznej\\\/#primaryimage\",\"url\":\"https:\\\/\\\/www.admetec.com\\\/pl\\\/wp-content\\\/uploads\\\/2024\\\/08\\\/pozan-lab-pl-1.jpg\",\"contentUrl\":\"https:\\\/\\\/www.admetec.com\\\/pl\\\/wp-content\\\/uploads\\\/2024\\\/08\\\/pozan-lab-pl-1.jpg\",\"width\":774,\"height\":1000},{\"@type\":\"BreadcrumbList\",\"@id\":\"https:\\\/\\\/www.admetec.com\\\/pl\\\/poznan-lab-instytut-medycyny-praktycznej\\\/#breadcrumb\",\"itemListElement\":[{\"@type\":\"ListItem\",\"position\":1,\"name\":\"Home\",\"item\":\"https:\\\/\\\/www.admetec.com\\\/pl\\\/\"},{\"@type\":\"ListItem\",\"position\":2,\"name\":\"POZNA\u0143 LAB &#8211; Instytut Medycyny Praktycznej (25-27.09.2024)\"}]},{\"@type\":\"WebSite\",\"@id\":\"https:\\\/\\\/www.admetec.com\\\/pl\\\/#website\",\"url\":\"https:\\\/\\\/www.admetec.com\\\/pl\\\/\",\"name\":\"ADMETEC\",\"description\":\"We&#039;ve got your back\",\"publisher\":{\"@id\":\"https:\\\/\\\/www.admetec.com\\\/pl\\\/#organization\"},\"potentialAction\":[{\"@type\":\"SearchAction\",\"target\":{\"@type\":\"EntryPoint\",\"urlTemplate\":\"https:\\\/\\\/www.admetec.com\\\/pl\\\/?s={search_term_string}\"},\"query-input\":{\"@type\":\"PropertyValueSpecification\",\"valueRequired\":true,\"valueName\":\"search_term_string\"}}],\"inLanguage\":\"pl-PL\"},{\"@type\":\"Organization\",\"@id\":\"https:\\\/\\\/www.admetec.com\\\/pl\\\/#organization\",\"name\":\"ADMETEC\",\"url\":\"https:\\\/\\\/www.admetec.com\\\/pl\\\/\",\"logo\":{\"@type\":\"ImageObject\",\"inLanguage\":\"pl-PL\",\"@id\":\"https:\\\/\\\/www.admetec.com\\\/pl\\\/#\\\/schema\\\/logo\\\/image\\\/\",\"url\":\"https:\\\/\\\/www.admetec.com\\\/pl\\\/wp-content\\\/uploads\\\/2023\\\/05\\\/Group-2@2x.png\",\"contentUrl\":\"https:\\\/\\\/www.admetec.com\\\/pl\\\/wp-content\\\/uploads\\\/2023\\\/05\\\/Group-2@2x.png\",\"width\":397,\"height\":100,\"caption\":\"ADMETEC\"},\"image\":{\"@id\":\"https:\\\/\\\/www.admetec.com\\\/pl\\\/#\\\/schema\\\/logo\\\/image\\\/\"},\"sameAs\":[\"https:\\\/\\\/www.facebook.com\\\/admetec\",\"https:\\\/\\\/x.com\\\/admetec\"]},{\"@type\":\"Person\",\"@id\":\"https:\\\/\\\/www.admetec.com\\\/pl\\\/#\\\/schema\\\/person\\\/28390d3c4afb2b81fdf6074f56743532\",\"name\":\"O O\",\"image\":{\"@type\":\"ImageObject\",\"inLanguage\":\"pl-PL\",\"@id\":\"https:\\\/\\\/secure.gravatar.com\\\/avatar\\\/fd7fe57fd3894e6f18ba071b6f42d5b8efe923dfe62238228acafc1df6ad1b2f?s=96&d=mm&r=g\",\"url\":\"https:\\\/\\\/secure.gravatar.com\\\/avatar\\\/fd7fe57fd3894e6f18ba071b6f42d5b8efe923dfe62238228acafc1df6ad1b2f?s=96&d=mm&r=g\",\"contentUrl\":\"https:\\\/\\\/secure.gravatar.com\\\/avatar\\\/fd7fe57fd3894e6f18ba071b6f42d5b8efe923dfe62238228acafc1df6ad1b2f?s=96&d=mm&r=g\",\"caption\":\"O O\"},\"url\":\"https:\\\/\\\/www.admetec.com\\\/pl\\\/author\\\/pl7omradm9\\\/\"}]}<\/script>\n<!-- \/ Yoast SEO plugin. -->","yoast_head_json":{"title":"POZNA\u0143 LAB - Instytut Medycyny Praktycznej (25-27.09.2024) - ADMETEC","robots":{"index":"index","follow":"follow","max-snippet":"max-snippet:-1","max-image-preview":"max-image-preview:large","max-video-preview":"max-video-preview:-1"},"canonical":"https:\/\/www.admetec.com\/pl\/poznan-lab-instytut-medycyny-praktycznej\/","og_locale":"pl_PL","og_type":"article","og_title":"POZNA\u0143 LAB - Instytut Medycyny Praktycznej (25-27.09.2024) - ADMETEC","og_description":"25-27.09.2024 &#8211; POZNA\u0143 LAB &#8211; Instytut Medycyny Praktycznej Admetec Polska jako Partner Medyczny szkole\u0144 &nbsp; Stomatologiczne Szkolenia Kadawerowe: 25.09.2024 &#8211; ATA-kujemy chirurgi\u0119 Prowadz\u0105cy: lek. dent. Mariusz Bo\u0142zan lek. dent. Mateusz Kubo\u0144 W programie kursu m.in.: podstawy chirurgii stomatologicznej, implanty, kortykotomia, implantacja natychmiastowa i odroczona, ekstrakcje i PET, anatiza tomografii i planowanie implantacji. 26.09.2024 &#8211; Chirurgia [&hellip;]","og_url":"https:\/\/www.admetec.com\/pl\/poznan-lab-instytut-medycyny-praktycznej\/","og_site_name":"ADMETEC","article_publisher":"https:\/\/www.facebook.com\/admetec","article_published_time":"2024-08-12T08:44:11+00:00","article_modified_time":"2024-08-13T12:32:34+00:00","og_image":[{"width":774,"height":1000,"url":"https:\/\/www.admetec.com\/pl\/wp-content\/uploads\/2024\/08\/pozan-lab-pl-1.jpg","type":"image\/jpeg"}],"author":"O O","twitter_card":"summary_large_image","twitter_creator":"@admetec","twitter_site":"@admetec","twitter_misc":{"Napisane przez":"O O","Szacowany czas czytania":"2 minuty"},"schema":{"@context":"https:\/\/schema.org","@graph":[{"@type":"Article","@id":"https:\/\/www.admetec.com\/pl\/poznan-lab-instytut-medycyny-praktycznej\/#article","isPartOf":{"@id":"https:\/\/www.admetec.com\/pl\/poznan-lab-instytut-medycyny-praktycznej\/"},"author":{"name":"O O","@id":"https:\/\/www.admetec.com\/pl\/#\/schema\/person\/28390d3c4afb2b81fdf6074f56743532"},"headline":"POZNA\u0143 LAB &#8211; Instytut Medycyny Praktycznej (25-27.09.2024)","datePublished":"2024-08-12T08:44:11+00:00","dateModified":"2024-08-13T12:32:34+00:00","mainEntityOfPage":{"@id":"https:\/\/www.admetec.com\/pl\/poznan-lab-instytut-medycyny-praktycznej\/"},"wordCount":195,"commentCount":0,"publisher":{"@id":"https:\/\/www.admetec.com\/pl\/#organization"},"image":{"@id":"https:\/\/www.admetec.com\/pl\/poznan-lab-instytut-medycyny-praktycznej\/#primaryimage"},"thumbnailUrl":"https:\/\/www.admetec.com\/pl\/wp-content\/uploads\/2024\/08\/pozan-lab-pl-1.jpg","keywords":["POZNA\u0143 LAB"],"articleSection":["Upcoming Events"],"inLanguage":"pl-PL","potentialAction":[{"@type":"CommentAction","name":"Comment","target":["https:\/\/www.admetec.com\/pl\/poznan-lab-instytut-medycyny-praktycznej\/#respond"]}]},{"@type":"WebPage","@id":"https:\/\/www.admetec.com\/pl\/poznan-lab-instytut-medycyny-praktycznej\/","url":"https:\/\/www.admetec.com\/pl\/poznan-lab-instytut-medycyny-praktycznej\/","name":"POZNA\u0143 LAB - Instytut Medycyny Praktycznej (25-27.09.2024) - ADMETEC","isPartOf":{"@id":"https:\/\/www.admetec.com\/pl\/#website"},"primaryImageOfPage":{"@id":"https:\/\/www.admetec.com\/pl\/poznan-lab-instytut-medycyny-praktycznej\/#primaryimage"},"image":{"@id":"https:\/\/www.admetec.com\/pl\/poznan-lab-instytut-medycyny-praktycznej\/#primaryimage"},"thumbnailUrl":"https:\/\/www.admetec.com\/pl\/wp-content\/uploads\/2024\/08\/pozan-lab-pl-1.jpg","datePublished":"2024-08-12T08:44:11+00:00","dateModified":"2024-08-13T12:32:34+00:00","breadcrumb":{"@id":"https:\/\/www.admetec.com\/pl\/poznan-lab-instytut-medycyny-praktycznej\/#breadcrumb"},"inLanguage":"pl-PL","potentialAction":[{"@type":"ReadAction","target":["https:\/\/www.admetec.com\/pl\/poznan-lab-instytut-medycyny-praktycznej\/"]}]},{"@type":"ImageObject","inLanguage":"pl-PL","@id":"https:\/\/www.admetec.com\/pl\/poznan-lab-instytut-medycyny-praktycznej\/#primaryimage","url":"https:\/\/www.admetec.com\/pl\/wp-content\/uploads\/2024\/08\/pozan-lab-pl-1.jpg","contentUrl":"https:\/\/www.admetec.com\/pl\/wp-content\/uploads\/2024\/08\/pozan-lab-pl-1.jpg","width":774,"height":1000},{"@type":"BreadcrumbList","@id":"https:\/\/www.admetec.com\/pl\/poznan-lab-instytut-medycyny-praktycznej\/#breadcrumb","itemListElement":[{"@type":"ListItem","position":1,"name":"Home","item":"https:\/\/www.admetec.com\/pl\/"},{"@type":"ListItem","position":2,"name":"POZNA\u0143 LAB &#8211; Instytut Medycyny Praktycznej (25-27.09.2024)"}]},{"@type":"WebSite","@id":"https:\/\/www.admetec.com\/pl\/#website","url":"https:\/\/www.admetec.com\/pl\/","name":"ADMETEC","description":"We&#039;ve got your back","publisher":{"@id":"https:\/\/www.admetec.com\/pl\/#organization"},"potentialAction":[{"@type":"SearchAction","target":{"@type":"EntryPoint","urlTemplate":"https:\/\/www.admetec.com\/pl\/?s={search_term_string}"},"query-input":{"@type":"PropertyValueSpecification","valueRequired":true,"valueName":"search_term_string"}}],"inLanguage":"pl-PL"},{"@type":"Organization","@id":"https:\/\/www.admetec.com\/pl\/#organization","name":"ADMETEC","url":"https:\/\/www.admetec.com\/pl\/","logo":{"@type":"ImageObject","inLanguage":"pl-PL","@id":"https:\/\/www.admetec.com\/pl\/#\/schema\/logo\/image\/","url":"https:\/\/www.admetec.com\/pl\/wp-content\/uploads\/2023\/05\/Group-2@2x.png","contentUrl":"https:\/\/www.admetec.com\/pl\/wp-content\/uploads\/2023\/05\/Group-2@2x.png","width":397,"height":100,"caption":"ADMETEC"},"image":{"@id":"https:\/\/www.admetec.com\/pl\/#\/schema\/logo\/image\/"},"sameAs":["https:\/\/www.facebook.com\/admetec","https:\/\/x.com\/admetec"]},{"@type":"Person","@id":"https:\/\/www.admetec.com\/pl\/#\/schema\/person\/28390d3c4afb2b81fdf6074f56743532","name":"O O","image":{"@type":"ImageObject","inLanguage":"pl-PL","@id":"https:\/\/secure.gravatar.com\/avatar\/fd7fe57fd3894e6f18ba071b6f42d5b8efe923dfe62238228acafc1df6ad1b2f?s=96&d=mm&r=g","url":"https:\/\/secure.gravatar.com\/avatar\/fd7fe57fd3894e6f18ba071b6f42d5b8efe923dfe62238228acafc1df6ad1b2f?s=96&d=mm&r=g","contentUrl":"https:\/\/secure.gravatar.com\/avatar\/fd7fe57fd3894e6f18ba071b6f42d5b8efe923dfe62238228acafc1df6ad1b2f?s=96&d=mm&r=g","caption":"O O"},"url":"https:\/\/www.admetec.com\/pl\/author\/pl7omradm9\/"}]}},"_links":{"self":[{"href":"https:\/\/www.admetec.com\/pl\/wp-json\/wp\/v2\/posts\/8432","targetHints":{"allow":["GET"]}}],"collection":[{"href":"https:\/\/www.admetec.com\/pl\/wp-json\/wp\/v2\/posts"}],"about":[{"href":"https:\/\/www.admetec.com\/pl\/wp-json\/wp\/v2\/types\/post"}],"author":[{"embeddable":true,"href":"https:\/\/www.admetec.com\/pl\/wp-json\/wp\/v2\/users\/8"}],"replies":[{"embeddable":true,"href":"https:\/\/www.admetec.com\/pl\/wp-json\/wp\/v2\/comments?post=8432"}],"version-history":[{"count":7,"href":"https:\/\/www.admetec.com\/pl\/wp-json\/wp\/v2\/posts\/8432\/revisions"}],"predecessor-version":[{"id":8455,"href":"https:\/\/www.admetec.com\/pl\/wp-json\/wp\/v2\/posts\/8432\/revisions\/8455"}],"wp:featuredmedia":[{"embeddable":true,"href":"https:\/\/www.admetec.com\/pl\/wp-json\/wp\/v2\/media\/8433"}],"wp:attachment":[{"href":"https:\/\/www.admetec.com\/pl\/wp-json\/wp\/v2\/media?parent=8432"}],"wp:term":[{"taxonomy":"category","embeddable":true,"href":"https:\/\/www.admetec.com\/pl\/wp-json\/wp\/v2\/categories?post=8432"},{"taxonomy":"post_tag","embeddable":true,"href":"https:\/\/www.admetec.com\/pl\/wp-json\/wp\/v2\/tags?post=8432"}],"curies":[{"name":"wp","href":"https:\/\/api.w.org\/{rel}","templated":true}]}}